{"id":11839,"date":"2023-06-23T11:36:32","date_gmt":"2023-06-23T09:36:32","guid":{"rendered":"https:\/\/kljb-holstein.de\/2022-1\/?p=11839"},"modified":"2023-06-23T11:36:32","modified_gmt":"2023-06-23T09:36:32","slug":"vorschau-auf-die-kommenden-veranstaltungen","status":"publish","type":"post","link":"https:\/\/kljb-holstein.de\/2022-1\/2023\/06\/23\/vorschau-auf-die-kommenden-veranstaltungen\/","title":{"rendered":"Vorschau auf die kommenden Veranstaltungen:"},"content":{"rendered":"<p>Die Sommerferien u. a. mit den Zeltlagern steht vor der T\u00fcr! \u00dcbern Sommer bieten wir viele Veranstaltungen f\u00fcr euch an. Wir freuen uns auf euch!<\/p>\n<p>Unsere n\u00e4chsten Veranstaltungen:<\/p>\n<p>Open Friday am 30.06\/ Pl\u00f6n<\/p>\n<p>Kanu Wochenende 07-09.07\/ Pl\u00f6n<\/p>\n<p>Kinder Zeltlager vom 17-28.07\/ Wieren<\/p>\n<p>Jugend Zeltlager vom 31.07-11.08\/ Einen<\/p>\n<p>Open Friday am 29.09\/ Pl\u00f6n<\/p>\n<p>Fun Day am 30.09\/ x<\/p>\n<p>&nbsp;<\/p>\n<p>F\u00fcr die Open Fridays m\u00fcsst ihr euch nicht anmelden, zum Kanu Wochenende und zum JuLa besteht noch die M\u00f6glichkeit der Anmeldung. Wohin wir am Funday fahren, wird noch bekannt gegeben&#8230;.<\/p>\n","protected":false},"excerpt":{"rendered":"<p>Die Sommerferien u. a. mit den Zeltlagern steht vor der T\u00fcr! \u00dcbern Sommer bieten wir viele Veranstaltungen f\u00fcr euch an. Wir freuen uns auf euch! Unsere n\u00e4chsten Veranstaltungen: Open Friday am 30.06\/ Pl\u00f6n Kanu Wochenende 07-09.07\/ Pl\u00f6n Kinder Zeltlager vom 17-28.07\/ Wieren Jugend Zeltlager vom 31.07-11.08\/ Einen Open Friday am 29.09\/ Pl\u00f6n Fun Day am [&hellip;]<\/p>\n","protected":false},"author":6,"featured_media":11841,"comment_status":"closed","ping_status":"closed","sticky":false,"template":"","format":"standard","meta":{"footnotes":""},"categories":[1,68],"tags":[],"class_list":["post-11839","post","type-post","status-publish","format-standard","has-post-thumbnail","hentry","category-allgemein","category-ankuendigung"],"_links":{"self":[{"href":"https:\/\/kljb-holstein.de\/2022-1\/wp-json\/wp\/v2\/posts\/11839","targetHints":{"allow":["GET"]}}],"collection":[{"href":"https:\/\/kljb-holstein.de\/2022-1\/wp-json\/wp\/v2\/posts"}],"about":[{"href":"https:\/\/kljb-holstein.de\/2022-1\/wp-json\/wp\/v2\/types\/post"}],"author":[{"embeddable":true,"href":"https:\/\/kljb-holstein.de\/2022-1\/wp-json\/wp\/v2\/users\/6"}],"replies":[{"embeddable":true,"href":"https:\/\/kljb-holstein.de\/2022-1\/wp-json\/wp\/v2\/comments?post=11839"}],"version-history":[{"count":1,"href":"https:\/\/kljb-holstein.de\/2022-1\/wp-json\/wp\/v2\/posts\/11839\/revisions"}],"predecessor-version":[{"id":11842,"href":"https:\/\/kljb-holstein.de\/2022-1\/wp-json\/wp\/v2\/posts\/11839\/revisions\/11842"}],"wp:featuredmedia":[{"embeddable":true,"href":"https:\/\/kljb-holstein.de\/2022-1\/wp-json\/wp\/v2\/media\/11841"}],"wp:attachment":[{"href":"https:\/\/kljb-holstein.de\/2022-1\/wp-json\/wp\/v2\/media?parent=11839"}],"wp:term":[{"taxonomy":"category","embeddable":true,"href":"https:\/\/kljb-holstein.de\/2022-1\/wp-json\/wp\/v2\/categories?post=11839"},{"taxonomy":"post_tag","embeddable":true,"href":"https:\/\/kljb-holstein.de\/2022-1\/wp-json\/wp\/v2\/tags?post=11839"}],"curies":[{"name":"wp","href":"https:\/\/api.w.org\/{rel}","templated":true}]}}